{"id":27,"date":"2011-01-31T06:07:22","date_gmt":"2011-01-31T06:07:22","guid":{"rendered":"http:\/\/www.encontramandaqui.com.br\/noticias\/?p=27"},"modified":"2013-08-13T18:01:12","modified_gmt":"2013-08-13T18:01:12","slug":"mandaqui-bebe-tem-parte-do-dedo-cortado-em-hospital","status":"publish","type":"post","link":"https:\/\/www.encontramandaqui.com.br\/noticias\/mandaqui-bebe-tem-parte-do-dedo-cortado-em-hospital\/","title":{"rendered":"Mandaqui: Beb\u00ea tem parte do dedo cortado em hospital"},"content":{"rendered":"<p>Uma menina de um ano de idade teve parte do dedo m\u00ednimo cortado por  uma auxiliar de enfermagem no Hospital Geral do Mandaqui, na zona norte da capital paulista. O incidente aconteceu na manh\u00e3 deste domingo  (30)\u00a0quando a profissional retirava uma bandagem colocada para  imobilizar a m\u00e3o da crian\u00e7a enquanto ela recebia medica\u00e7\u00e3o intravenosa.<\/p>\n<p>De acordo com a Secretaria Estadual de Sa\u00fade, a menina foi  encaminhada ao centro cir\u00fargico assim que foi constatado o ferimento,  mas n\u00e3o houve a possibilidade de reimplante do tecido cortado.<\/p>\n<p>O Conjunto Hospitalar do Mandaqui determinou o afastamento por tempo  indeterminado da auxiliar de enfermagem. Uma sindic\u00e2ncia dever\u00e1 ser  aberta nesta segunda-feira (31)\u00a0para apurar o ocorrido e o caso ser\u00e1  encaminhado ao Coren (Conselho Regional de Enfermagem), que definir\u00e1 as  san\u00e7\u00f5es profissionais cab\u00edveis.<\/p>\n<p>A Secretaria Estadual de Sa\u00fade ainda informou que a auxiliar de  enfermagem trabalha h\u00e1 cerca de 10 anos no hospital e pode ser exonerada  caso seja constatada falta grave.<\/p>\n<p>Os familiares da crian\u00e7a registraram boletim de ocorr\u00eancia e foram \u00e0 delegacia acompanhados por uma enfermeira do hospital.<\/p>\n<p><em>Fonte: R7<\/em><\/p>\n","protected":false},"excerpt":{"rendered":"<p>Uma menina de um ano de idade teve parte do dedo m\u00ednimo cortado por uma auxiliar de enfermagem no Hospital Geral do Mandaqui, na zona norte da capital paulista. O incidente aconteceu na manh\u00e3 deste domingo (30)\u00a0quando a profissional retirava uma bandagem colocada para imobilizar a m\u00e3o da crian\u00e7a enquanto ela recebia medica\u00e7\u00e3o intravenosa. De [&hellip;]<\/p>\n","protected":false},"author":1,"featured_media":0,"comment_status":"open","ping_status":"open","sticky":false,"template":"","format":"standard","meta":{"footnotes":""},"categories":[6],"tags":[],"class_list":["post-27","post","type-post","status-publish","format-standard","hentry","category-noticias"],"_links":{"self":[{"href":"https:\/\/www.encontramandaqui.com.br\/noticias\/wp-json\/wp\/v2\/posts\/27","targetHints":{"allow":["GET"]}}],"collection":[{"href":"https:\/\/www.encontramandaqui.com.br\/noticias\/wp-json\/wp\/v2\/posts"}],"about":[{"href":"https:\/\/www.encontramandaqui.com.br\/noticias\/wp-json\/wp\/v2\/types\/post"}],"author":[{"embeddable":true,"href":"https:\/\/www.encontramandaqui.com.br\/noticias\/wp-json\/wp\/v2\/users\/1"}],"replies":[{"embeddable":true,"href":"https:\/\/www.encontramandaqui.com.br\/noticias\/wp-json\/wp\/v2\/comments?post=27"}],"version-history":[{"count":0,"href":"https:\/\/www.encontramandaqui.com.br\/noticias\/wp-json\/wp\/v2\/posts\/27\/revisions"}],"wp:attachment":[{"href":"https:\/\/www.encontramandaqui.com.br\/noticias\/wp-json\/wp\/v2\/media?parent=27"}],"wp:term":[{"taxonomy":"category","embeddable":true,"href":"https:\/\/www.encontramandaqui.com.br\/noticias\/wp-json\/wp\/v2\/categories?post=27"},{"taxonomy":"post_tag","embeddable":true,"href":"https:\/\/www.encontramandaqui.com.br\/noticias\/wp-json\/wp\/v2\/tags?post=27"}],"curies":[{"name":"wp","href":"https:\/\/api.w.org\/{rel}","templated":true}]}}