{"id":207,"date":"2013-01-18T00:43:53","date_gmt":"2013-01-18T00:43:53","guid":{"rendered":"http:\/\/www.encontramandaqui.com.br\/noticias\/?p=207"},"modified":"2013-08-13T18:01:20","modified_gmt":"2013-08-13T18:01:20","slug":"jovens-sao-detidos-suspeitos-de-roubar-veiculo-no-mandaqui","status":"publish","type":"post","link":"https:\/\/www.encontramandaqui.com.br\/noticias\/jovens-sao-detidos-suspeitos-de-roubar-veiculo-no-mandaqui\/","title":{"rendered":"Jovens s\u00e3o detidos suspeitos de roubar ve\u00edculo no Mandaqui"},"content":{"rendered":"<p>Dois jovens foram detidos na noite de domingo, no Jardim Princesa, zona norte de S\u00e3o Paulo, suspeitos roubar um carro na noite de ontem. Eles teriam rendido um casal na \u00faltima sexta e levado o ve\u00edculo.<\/p>\n<p>Policiais militares faziam ronda na regi\u00e3o, por volta das 23h20, quando viram um Celta prata com dois jovens. Ao verificarem a placa do ve\u00edculo, os PMs descobriram que o carro era roubado.<\/p>\n<p>Os suspeitos aceleraram o carro quando notaram a presen\u00e7a dos PMs. Os policiais, ent\u00e3o, pediram refor\u00e7o e cercaram o carro.<\/p>\n<p>Os jovens desceram do Celta e entraram em uma favela, mas foram detidos pelos PMs em uma viela. A dupla foi levada ao 72\u00ba Distrito Policial (Vila Penteado), onde foi reconhecida pelas v\u00edtimas.<\/p>\n<p>De acordo com a pol\u00edcia, os suspeitos roubaram o ve\u00edculo, \u00e0s 21h30 de sexta-feira, no Mandaqui (zona norte). Um deles estava armado e rendeu o casal, levando o Celta.<\/p>\n<p>O jovem de 18 anos foi indiciado por roubo e corrup\u00e7\u00e3o de menor. O adolescente foi encaminhado \u00e0 Funda\u00e7\u00e3o Casa e permaneceu \u00e0 disposi\u00e7\u00e3o da Vara da Inf\u00e2ncia e Juventude.<\/p>\n<p><em>Fonte: Di\u00e1rio de Guarapuava<\/em><\/p>\n","protected":false},"excerpt":{"rendered":"<p>Dois jovens foram detidos na noite de domingo, no Jardim Princesa, zona norte de S\u00e3o Paulo, suspeitos roubar um carro na noite de ontem. Eles teriam rendido um casal na \u00faltima sexta e levado o ve\u00edculo. Policiais militares faziam ronda na regi\u00e3o, por volta das 23h20, quando viram um Celta prata com dois jovens. Ao [&hellip;]<\/p>\n","protected":false},"author":1,"featured_media":0,"comment_status":"open","ping_status":"open","sticky":false,"template":"","format":"standard","meta":{"footnotes":""},"categories":[6],"tags":[14],"class_list":["post-207","post","type-post","status-publish","format-standard","hentry","category-noticias","tag-mandaqui"],"_links":{"self":[{"href":"https:\/\/www.encontramandaqui.com.br\/noticias\/wp-json\/wp\/v2\/posts\/207","targetHints":{"allow":["GET"]}}],"collection":[{"href":"https:\/\/www.encontramandaqui.com.br\/noticias\/wp-json\/wp\/v2\/posts"}],"about":[{"href":"https:\/\/www.encontramandaqui.com.br\/noticias\/wp-json\/wp\/v2\/types\/post"}],"author":[{"embeddable":true,"href":"https:\/\/www.encontramandaqui.com.br\/noticias\/wp-json\/wp\/v2\/users\/1"}],"replies":[{"embeddable":true,"href":"https:\/\/www.encontramandaqui.com.br\/noticias\/wp-json\/wp\/v2\/comments?post=207"}],"version-history":[{"count":0,"href":"https:\/\/www.encontramandaqui.com.br\/noticias\/wp-json\/wp\/v2\/posts\/207\/revisions"}],"wp:attachment":[{"href":"https:\/\/www.encontramandaqui.com.br\/noticias\/wp-json\/wp\/v2\/media?parent=207"}],"wp:term":[{"taxonomy":"category","embeddable":true,"href":"https:\/\/www.encontramandaqui.com.br\/noticias\/wp-json\/wp\/v2\/categories?post=207"},{"taxonomy":"post_tag","embeddable":true,"href":"https:\/\/www.encontramandaqui.com.br\/noticias\/wp-json\/wp\/v2\/tags?post=207"}],"curies":[{"name":"wp","href":"https:\/\/api.w.org\/{rel}","templated":true}]}}