{"id":186,"date":"2012-09-25T07:00:39","date_gmt":"2012-09-25T07:00:39","guid":{"rendered":"http:\/\/www.encontramandaqui.com.br\/noticias\/?p=186"},"modified":"2013-08-13T18:01:19","modified_gmt":"2013-08-13T18:01:19","slug":"pacientes-sofrem-com-falta-de-medicos-no-hospital-do-mandaqui","status":"publish","type":"post","link":"https:\/\/www.encontramandaqui.com.br\/noticias\/pacientes-sofrem-com-falta-de-medicos-no-hospital-do-mandaqui\/","title":{"rendered":"Pacientes sofrem com falta de m\u00e9dicos no Hospital do Mandaqui"},"content":{"rendered":"<p>A falta de m\u00e9dicos no Hospital do Mandaqui, o maior hospital p\u00fablico e refer\u00eancia da Zona Norte de\u00a0S\u00e3o Paulo, preocupa os pacientes. Reportagem exibida no SPTV em 13 de setembro flagrou a demora no atendimento por causa da falta de funcion\u00e1rios. O Mandaqui recebe cerca de 30 mil pacientes por m\u00eas.<\/p>\n<p>Imagens mostraram uma mulher chorando de dor, pedindo para ser atendida. Ela teve que suportar as dores de uma crise renal por horas. Uma funcion\u00e1ria tentou amenizar a situa\u00e7\u00e3o, conversando com pacientes que esperavam por atendimento. A orienta\u00e7\u00e3o dela era para que as pessoas procurassem outro hospital.<\/p>\n<p>O Hospital do Mandaqui foi ampliado recentemente. Foram investidos R$ 60 milh\u00f5es e o hospital ganhou 150 leitos. A diretora do hospital, Magali Proen\u00e7a, admite que a capacidade de atendimento poderia ser maior. \u201cA demora existe porque estamos com um d\u00e9ficit de profissionais, principalmente cl\u00ednicos. Hoje, temos uma falta de 20 profissionais, dependendo do dia voc\u00ea tem uma demora maior ou menor.\u201d<\/p>\n<div>Em um dos setores do pronto-socorro existem cinco consult\u00f3rios de cl\u00ednica geral, mas por causa da falta de profissionais eles nunca funcionam todos ao mesmo tempo.<\/div>\n<p>A Secretaria Estadual da Sa\u00fade informou que pretende contratar 119 m\u00e9dicos e 104 enfermeiros para o Hospital do Mandaqui. Em nota, a secretaria explicou ainda que a falta de m\u00e9dicos \u00e9 uma realidade em todo pa\u00eds por causa do aquecimento do mercado de trabalho e da defasagem na tabela do Sistema \u00danico de Sa\u00fade (SUS). O governo do estado de S\u00e3o Paulo diz que, desde o final do ano passado, paga 20% a mais do que essa tabela para um cl\u00ednico geral.<\/p>\n<p><em>Fonte: G1<\/em><\/p>\n","protected":false},"excerpt":{"rendered":"<p>A falta de m\u00e9dicos no Hospital do Mandaqui, o maior hospital p\u00fablico e refer\u00eancia da Zona Norte de\u00a0S\u00e3o Paulo, preocupa os pacientes. Reportagem exibida no SPTV em 13 de setembro flagrou a demora no atendimento por causa da falta de funcion\u00e1rios. O Mandaqui recebe cerca de 30 mil pacientes por m\u00eas. Imagens mostraram uma mulher [&hellip;]<\/p>\n","protected":false},"author":1,"featured_media":0,"comment_status":"open","ping_status":"open","sticky":false,"template":"","format":"standard","meta":{"footnotes":""},"categories":[6,7,8],"tags":[14],"class_list":["post-186","post","type-post","status-publish","format-standard","hentry","category-noticias","category-reclamacoes","category-servicos","tag-mandaqui"],"_links":{"self":[{"href":"https:\/\/www.encontramandaqui.com.br\/noticias\/wp-json\/wp\/v2\/posts\/186","targetHints":{"allow":["GET"]}}],"collection":[{"href":"https:\/\/www.encontramandaqui.com.br\/noticias\/wp-json\/wp\/v2\/posts"}],"about":[{"href":"https:\/\/www.encontramandaqui.com.br\/noticias\/wp-json\/wp\/v2\/types\/post"}],"author":[{"embeddable":true,"href":"https:\/\/www.encontramandaqui.com.br\/noticias\/wp-json\/wp\/v2\/users\/1"}],"replies":[{"embeddable":true,"href":"https:\/\/www.encontramandaqui.com.br\/noticias\/wp-json\/wp\/v2\/comments?post=186"}],"version-history":[{"count":0,"href":"https:\/\/www.encontramandaqui.com.br\/noticias\/wp-json\/wp\/v2\/posts\/186\/revisions"}],"wp:attachment":[{"href":"https:\/\/www.encontramandaqui.com.br\/noticias\/wp-json\/wp\/v2\/media?parent=186"}],"wp:term":[{"taxonomy":"category","embeddable":true,"href":"https:\/\/www.encontramandaqui.com.br\/noticias\/wp-json\/wp\/v2\/categories?post=186"},{"taxonomy":"post_tag","embeddable":true,"href":"https:\/\/www.encontramandaqui.com.br\/noticias\/wp-json\/wp\/v2\/tags?post=186"}],"curies":[{"name":"wp","href":"https:\/\/api.w.org\/{rel}","templated":true}]}}