{"id":127,"date":"2012-05-30T21:24:44","date_gmt":"2012-05-30T21:24:44","guid":{"rendered":"http:\/\/www.encontramandaqui.com.br\/noticias\/?p=127"},"modified":"2013-08-13T18:01:18","modified_gmt":"2013-08-13T18:01:18","slug":"sabado-tem-operacao-cata-bagulho-no-mandaqui-2","status":"publish","type":"post","link":"https:\/\/www.encontramandaqui.com.br\/noticias\/sabado-tem-operacao-cata-bagulho-no-mandaqui-2\/","title":{"rendered":"S\u00e1bado tem Opera\u00e7\u00e3o Cata-bagulho no Mandaqui"},"content":{"rendered":"<p>A\u00a0Subprefeitura Santana\/Tucuruvi\u00a0realiza no pr\u00f3ximo s\u00e1bado (02\/06), das 7h \u00e0s 13h, uma Opera\u00e7\u00e3o Cata-bagulho em diversas ruas dos distritos de Santana e\u00a0Mandaqui.<\/p>\n<p>O objetivo do Cata-bagulho \u00e9 recolher objetos em desuso, como\u00a0colch\u00f5es, m\u00f3veis, eletrodom\u00e9sticos entre outros evitando que os mesmos sejam colocados nas ruas, terrenos baldios, rios e c\u00f3rregos, ocasionando enchentes e problemas ambientais.<\/p>\n<p>Esta opera\u00e7\u00e3o abranger\u00e1 o per\u00edmetro interno entre as vias:\u00a0Avenida Eng. Caetano \u00c1lvares, Rua Cons. Moreira de Barros, Rua Volunt\u00e1rios da P\u00e1tria, Av. \u00c1gua Fria, Rua Dr. Zuquim<\/p>\n<p>A Subprefeitura disp\u00f5e de Cata-bagulho agendado para maior comodidade da popula\u00e7\u00e3o.<\/p>\n<p>Agende o dia e o hor\u00e1rio pelo tel. 2987-3844 ramal 119.<\/p>\n<p><strong>Servi\u00e7o: Opera\u00e7\u00e3o Cata-bagulho<\/strong><br \/>\nData: 02 de junho, s\u00e1bado.<br \/>\nHor\u00e1rio: 7h \u00e0s 13h<\/p>\n<p><em>Fonte: Prefeitura de S\u00e3o Paulo<\/em><\/p>\n","protected":false},"excerpt":{"rendered":"<p>A\u00a0Subprefeitura Santana\/Tucuruvi\u00a0realiza no pr\u00f3ximo s\u00e1bado (02\/06), das 7h \u00e0s 13h, uma Opera\u00e7\u00e3o Cata-bagulho em diversas ruas dos distritos de Santana e\u00a0Mandaqui. O objetivo do Cata-bagulho \u00e9 recolher objetos em desuso, como\u00a0colch\u00f5es, m\u00f3veis, eletrodom\u00e9sticos entre outros evitando que os mesmos sejam colocados nas ruas, terrenos baldios, rios e c\u00f3rregos, ocasionando enchentes e problemas ambientais. Esta opera\u00e7\u00e3o [&hellip;]<\/p>\n","protected":false},"author":1,"featured_media":0,"comment_status":"open","ping_status":"open","sticky":false,"template":"","format":"standard","meta":{"footnotes":""},"categories":[8],"tags":[14],"class_list":["post-127","post","type-post","status-publish","format-standard","hentry","category-servicos","tag-mandaqui"],"_links":{"self":[{"href":"https:\/\/www.encontramandaqui.com.br\/noticias\/wp-json\/wp\/v2\/posts\/127","targetHints":{"allow":["GET"]}}],"collection":[{"href":"https:\/\/www.encontramandaqui.com.br\/noticias\/wp-json\/wp\/v2\/posts"}],"about":[{"href":"https:\/\/www.encontramandaqui.com.br\/noticias\/wp-json\/wp\/v2\/types\/post"}],"author":[{"embeddable":true,"href":"https:\/\/www.encontramandaqui.com.br\/noticias\/wp-json\/wp\/v2\/users\/1"}],"replies":[{"embeddable":true,"href":"https:\/\/www.encontramandaqui.com.br\/noticias\/wp-json\/wp\/v2\/comments?post=127"}],"version-history":[{"count":0,"href":"https:\/\/www.encontramandaqui.com.br\/noticias\/wp-json\/wp\/v2\/posts\/127\/revisions"}],"wp:attachment":[{"href":"https:\/\/www.encontramandaqui.com.br\/noticias\/wp-json\/wp\/v2\/media?parent=127"}],"wp:term":[{"taxonomy":"category","embeddable":true,"href":"https:\/\/www.encontramandaqui.com.br\/noticias\/wp-json\/wp\/v2\/categories?post=127"},{"taxonomy":"post_tag","embeddable":true,"href":"https:\/\/www.encontramandaqui.com.br\/noticias\/wp-json\/wp\/v2\/tags?post=127"}],"curies":[{"name":"wp","href":"https:\/\/api.w.org\/{rel}","templated":true}]}}